


















{"id":11388,"date":"2022-01-19T10:54:06","date_gmt":"2022-01-19T10:54:06","guid":{"rendered":"https:\/\/bilanciosocialecgil.it\/?p=11388"},"modified":"2022-02-08T11:08:19","modified_gmt":"2022-02-08T11:08:19","slug":"celanese-filtec","status":"publish","type":"post","link":"https:\/\/bilanciosocialecgil.it\/emilia-romagna\/celanese-filtec\/","title":{"rendered":"Celanese FILTEC"},"content":{"rendered":"\n<p>Celanese \u00e8 una importante multinazionale statunitense che nell\u2019ottobre 2016 <strong>acquista la societ\u00e0 Softer<\/strong> con sede a Forl\u00ec, specializzata in tecnopolimeri e insediata in Italia in 4 stabilimenti: Forl\u00ec, Ferrara via Marconi, Ferrara Piazzale Donegani e Castel Goffredo a Mantova.<\/p>\n\n\n\n<p>Nel 2016 Celanese<strong> chiude lo stabilimento di Mantova e trasferisce<\/strong> le maestranze nella sede di Forl\u00ec.<\/p>\n\n\n\n<p>Il 28 Luglio 2020 annuncia la <strong>chiusura dello stabilimento di Ferrara<\/strong>, via Marconi, prevista per la fine di giugno 2021 con la proposta di trasferire i 67 lavoratori nella sede di Forl\u00ec. Lo stabilimento di Ferrara Marconi \u00e8 un piccolo sito che di compounda le materie prime prodotte nell\u2019impianto di Ferrara ubicato all\u2019interno del petrolchimico estense. L\u2019obiettivo annunciato alle organizzazioni sindacali \u00e8 di <strong>chiudere i piccoli stabilimenti, ritenuti non profittevoli<\/strong> e non competitivi, ed ampliare il sito di Forl\u00ec, facendone il centro di eccellenza di Celanese in Europa, replicando il modello gi\u00e0 esistente in Asia e negli U.S.A.<\/p>\n\n\n\n<p>Seguono <strong>incontri sindacali<\/strong> con la direzione aziendale e le istituzioni locali e regionali. La vertenza viene coordinata dalle segreterie confederali regionali congiuntamente a quelle categoriali, regionali e locali.<\/p>\n\n\n\n<p>Il 2 settembre nel corso dell\u2019incontro presso il comune di Ferrara, la direzione aziendale dichiara al Sindaco, ai consiglieri regionali presenti e alle organizzazioni sindacali la propria disponibilit\u00e0 a cedere lo stabilimento di Marconi e il personale ad un eventuale acquirente,<strong> rinunciando cos\u00ec alla soluzione di chiusura <\/strong>del sito e al trasferimento delle maestranze a Forl\u00ec.<\/p>\n\n\n\n<p>Manifestazioni di interesse all\u2019acquisizione dello stabilimento pervengono da tre societ\u00e0. Di queste formalmente verr\u00e0 dato conto della sola societ\u00e0 acquirente: Benvic, societ\u00e0 multinazionale coinsediata nel sito di via Marconi a Ferrara.<\/p>\n\n\n\n<p>I<strong> nomi <\/strong>delle altre due societ\u00e0 interessate rimarranno<strong> sconosciuti<\/strong>, nel rispetto del vincolo della segretezza imposto da Celanese quale clausola di accesso alla trattativa di compravendita, pena in caso di violazione alla estromissione dalla operazione.<\/p>\n\n\n\n<p>Questo vincolo ha pesato sull\u2019intera trattativa, <strong>impedendo alla delegazione sindacale di svolgere pienamente la propria funzione di tutela dei lavoratori<\/strong>.<\/p>\n\n\n\n<p>L\u2019aggiudicataria, la societ\u00e0 Benvic che produce e commercializza soluzioni termoplastiche innovative \u00e8 leader europeo nel mercato del compound del PVC ma \u00e8 entrata anche nella produzione di materiali e componenti medicali e sta investendo nell\u2019economia circolare (recycling). Benvic rileva i macchinari (6 linee di estrusione per la produzione di Polipropilene per il settore elettrodomestico) e tutta la parte impiantistica dello stabilimento di Marconi oltre a 5 macchine per la produzione SBS (elastomeri per il settore calzaturiero) che vengono trasferite dallo stabilimento Celanese di Forl\u00ec a Ferrara. Benvic arricchisce la propria gamma integrandola con il segmento dei campi sportivi sintetici. Rileva 33 lavoratori da Celanese e li integra con 18 nuove assunzioni che portano il personale diretto da 57 a 108 unit\u00e0 complessive.<\/p>\n\n\n\n<p>Presso lo stabilimento di Ferrara Donegani <strong>verranno trasferiti 25 lavoratori<\/strong> di cui 11 lavoreranno a distanza per lo stabilimento di Forl\u00ec, 12 saranno impiegati nell\u2019impianto di produzione, mentre 2 verranno ricollocati a Forl\u00ec. L\u2019intera operazione viene conclusa con 4 dimissioni e 5 conciliazioni.<\/p>\n","protected":false},"excerpt":{"rendered":"Celanese \u00e8 una importante multinazionale statunitense che nell\u2019ottobre 2016 acquista la societ\u00e0 Softer con sede a Forl\u00ec, specializzata in tecnopolimeri e insediata in Italia in 4 stabilimenti: Forl\u00ec, Ferrara via Marconi, Ferrara Piazzale Donegani e Castel Goffredo a Mantova. Nel 2016 Celanese chiude lo stabilimento di Mantova e trasferisce le maestranze nella sede di Forl\u00ec. [&hellip;]","protected":false},"author":3,"featured_media":11440,"comment_status":"open","ping_status":"open","sticky":false,"template":"","format":"standard","meta":[],"categories":[55,43,47,51,54],"tags":[],"yoast_head":"<!-- This site is optimized with the Yoast SEO plugin v18.3 - https:\/\/yoast.com\/wordpress\/plugins\/seo\/ -->\n<title>Celanese FILTEC - Bilancio Sociale CGIL Emilia Romagna<\/title>\n<meta name=\"robots\" content=\"index, follow, max-snippet:-1, max-image-preview:large, max-video-preview:-1\" \/>\n<link rel=\"canonical\" href=\"https:\/\/bilanciosocialecgil.it\/emilia-romagna\/celanese-filtec\/\" \/>\n<meta property=\"og:locale\" content=\"it_IT\" \/>\n<meta property=\"og:type\" content=\"article\" \/>\n<meta property=\"og:title\" content=\"Celanese FILTEC - Bilancio Sociale CGIL Emilia Romagna\" \/>\n<meta property=\"og:description\" content=\"Celanese \u00e8 una importante multinazionale statunitense che nell\u2019ottobre 2016 acquista la societ\u00e0 Softer con sede a Forl\u00ec, specializzata in tecnopolimeri e insediata in Italia in 4 stabilimenti: Forl\u00ec, Ferrara via Marconi, Ferrara Piazzale Donegani e Castel Goffredo a Mantova. Nel 2016 Celanese chiude lo stabilimento di Mantova e trasferisce le maestranze nella sede di Forl\u00ec. [&hellip;]\" \/>\n<meta property=\"og:url\" content=\"https:\/\/bilanciosocialecgil.it\/emilia-romagna\/celanese-filtec\/\" \/>\n<meta property=\"og:site_name\" content=\"Bilancio Sociale CGIL Emilia Romagna\" \/>\n<meta property=\"article:publisher\" content=\"https:\/\/www.facebook.com\/CgilEmiliaRomagna\/\" \/>\n<meta property=\"article:published_time\" content=\"2022-01-19T10:54:06+00:00\" \/>\n<meta property=\"article:modified_time\" content=\"2022-02-08T11:08:19+00:00\" \/>\n<meta property=\"og:image\" content=\"https:\/\/bilanciosocialecgil.it\/wp-content\/uploads\/2022\/01\/celanese-filtec.jpg\" \/>\n\t<meta property=\"og:image:width\" content=\"1000\" \/>\n\t<meta property=\"og:image:height\" content=\"525\" \/>\n\t<meta property=\"og:image:type\" content=\"image\/jpeg\" \/>\n<meta name=\"twitter:card\" content=\"summary\" \/>\n<meta name=\"twitter:creator\" content=\"@ERCGIL\" \/>\n<meta name=\"twitter:site\" content=\"@ERCGIL\" \/>\n<meta name=\"twitter:label1\" content=\"Scritto da\" \/>\n\t<meta name=\"twitter:data1\" content=\"manager\" \/>\n\t<meta name=\"twitter:label2\" content=\"Tempo di lettura stimato\" \/>\n\t<meta name=\"twitter:data2\" content=\"3 minuti\" \/>\n<script type=\"application\/ld+json\" class=\"yoast-schema-graph\">{\"@context\":\"https:\/\/schema.org\",\"@graph\":[{\"@type\":\"Organization\",\"@id\":\"https:\/\/bilanciosocialecgil.it\/emilia-romagna\/#organization\",\"name\":\"Cgil Emilia Romagna\",\"url\":\"https:\/\/bilanciosocialecgil.it\/emilia-romagna\/\",\"sameAs\":[\"https:\/\/www.facebook.com\/CgilEmiliaRomagna\/\",\"https:\/\/www.instagram.com\/cgilemromagna\/\",\"https:\/\/twitter.com\/ERCGIL\"],\"logo\":{\"@type\":\"ImageObject\",\"@id\":\"https:\/\/bilanciosocialecgil.it\/emilia-romagna\/#logo\",\"inLanguage\":\"it-IT\",\"url\":\"https:\/\/bilanciosocialecgil.it\/wp-content\/uploads\/2016\/08\/logoCGILER.png\",\"contentUrl\":\"https:\/\/bilanciosocialecgil.it\/wp-content\/uploads\/2016\/08\/logoCGILER.png\",\"width\":164,\"height\":228,\"caption\":\"Cgil Emilia Romagna\"},\"image\":{\"@id\":\"https:\/\/bilanciosocialecgil.it\/emilia-romagna\/#logo\"}},{\"@type\":\"WebSite\",\"@id\":\"https:\/\/bilanciosocialecgil.it\/emilia-romagna\/#website\",\"url\":\"https:\/\/bilanciosocialecgil.it\/emilia-romagna\/\",\"name\":\"Bilancio Sociale CGIL Emilia Romagna\",\"description\":\"Uno strumento di trasparenza e rendicontazione\",\"publisher\":{\"@id\":\"https:\/\/bilanciosocialecgil.it\/emilia-romagna\/#organization\"},\"potentialAction\":[{\"@type\":\"SearchAction\",\"target\":{\"@type\":\"EntryPoint\",\"urlTemplate\":\"https:\/\/bilanciosocialecgil.it\/emilia-romagna\/?s={search_term_string}\"},\"query-input\":\"required name=search_term_string\"}],\"inLanguage\":\"it-IT\"},{\"@type\":\"ImageObject\",\"@id\":\"https:\/\/bilanciosocialecgil.it\/emilia-romagna\/celanese-filtec\/#primaryimage\",\"inLanguage\":\"it-IT\",\"url\":\"https:\/\/bilanciosocialecgil.it\/wp-content\/uploads\/2022\/01\/celanese-filtec.jpg\",\"contentUrl\":\"https:\/\/bilanciosocialecgil.it\/wp-content\/uploads\/2022\/01\/celanese-filtec.jpg\",\"width\":1000,\"height\":525},{\"@type\":\"WebPage\",\"@id\":\"https:\/\/bilanciosocialecgil.it\/emilia-romagna\/celanese-filtec\/#webpage\",\"url\":\"https:\/\/bilanciosocialecgil.it\/emilia-romagna\/celanese-filtec\/\",\"name\":\"Celanese FILTEC - Bilancio Sociale CGIL Emilia Romagna\",\"isPartOf\":{\"@id\":\"https:\/\/bilanciosocialecgil.it\/emilia-romagna\/#website\"},\"primaryImageOfPage\":{\"@id\":\"https:\/\/bilanciosocialecgil.it\/emilia-romagna\/celanese-filtec\/#primaryimage\"},\"datePublished\":\"2022-01-19T10:54:06+00:00\",\"dateModified\":\"2022-02-08T11:08:19+00:00\",\"breadcrumb\":{\"@id\":\"https:\/\/bilanciosocialecgil.it\/emilia-romagna\/celanese-filtec\/#breadcrumb\"},\"inLanguage\":\"it-IT\",\"potentialAction\":[{\"@type\":\"ReadAction\",\"target\":[\"https:\/\/bilanciosocialecgil.it\/emilia-romagna\/celanese-filtec\/\"]}]},{\"@type\":\"BreadcrumbList\",\"@id\":\"https:\/\/bilanciosocialecgil.it\/emilia-romagna\/celanese-filtec\/#breadcrumb\",\"itemListElement\":[{\"@type\":\"ListItem\",\"position\":1,\"name\":\"Home\",\"item\":\"https:\/\/bilanciosocialecgil.it\/emilia-romagna\/\"},{\"@type\":\"ListItem\",\"position\":2,\"name\":\"Celanese FILTEC\"}]},{\"@type\":\"Article\",\"@id\":\"https:\/\/bilanciosocialecgil.it\/emilia-romagna\/celanese-filtec\/#article\",\"isPartOf\":{\"@id\":\"https:\/\/bilanciosocialecgil.it\/emilia-romagna\/celanese-filtec\/#webpage\"},\"author\":{\"@id\":\"https:\/\/bilanciosocialecgil.it\/emilia-romagna\/#\/schema\/person\/f718957a26efcd2b2131e095005fdfff\"},\"headline\":\"Celanese FILTEC\",\"datePublished\":\"2022-01-19T10:54:06+00:00\",\"dateModified\":\"2022-02-08T11:08:19+00:00\",\"mainEntityOfPage\":{\"@id\":\"https:\/\/bilanciosocialecgil.it\/emilia-romagna\/celanese-filtec\/#webpage\"},\"wordCount\":478,\"commentCount\":0,\"publisher\":{\"@id\":\"https:\/\/bilanciosocialecgil.it\/emilia-romagna\/#organization\"},\"image\":{\"@id\":\"https:\/\/bilanciosocialecgil.it\/emilia-romagna\/celanese-filtec\/#primaryimage\"},\"thumbnailUrl\":\"https:\/\/bilanciosocialecgil.it\/wp-content\/uploads\/2022\/01\/celanese-filtec.jpg\",\"articleSection\":[\"Diritti\",\"Emilia Romagna\",\"Ferrara\",\"Forl\u00ec-Cesena\",\"Tutele\"],\"inLanguage\":\"it-IT\",\"potentialAction\":[{\"@type\":\"CommentAction\",\"name\":\"Comment\",\"target\":[\"https:\/\/bilanciosocialecgil.it\/emilia-romagna\/celanese-filtec\/#respond\"]}]},{\"@type\":\"Person\",\"@id\":\"https:\/\/bilanciosocialecgil.it\/emilia-romagna\/#\/schema\/person\/f718957a26efcd2b2131e095005fdfff\",\"name\":\"manager\",\"image\":{\"@type\":\"ImageObject\",\"@id\":\"https:\/\/bilanciosocialecgil.it\/emilia-romagna\/#personlogo\",\"inLanguage\":\"it-IT\",\"url\":\"https:\/\/secure.gravatar.com\/avatar\/a4333ad8127d6f3f57b72e09ef2350bd?s=96&d=mm&r=g\",\"contentUrl\":\"https:\/\/secure.gravatar.com\/avatar\/a4333ad8127d6f3f57b72e09ef2350bd?s=96&d=mm&r=g\",\"caption\":\"manager\"},\"url\":\"https:\/\/bilanciosocialecgil.it\/emilia-romagna\/author\/manager\/\"}]}<\/script>\n<!-- \/ Yoast SEO plugin. -->","yoast_head_json":{"title":"Celanese FILTEC - Bilancio Sociale CGIL Emilia Romagna","robots":{"index":"index","follow":"follow","max-snippet":"max-snippet:-1","max-image-preview":"max-image-preview:large","max-video-preview":"max-video-preview:-1"},"canonical":"https:\/\/bilanciosocialecgil.it\/emilia-romagna\/celanese-filtec\/","og_locale":"it_IT","og_type":"article","og_title":"Celanese FILTEC - Bilancio Sociale CGIL Emilia Romagna","og_description":"Celanese \u00e8 una importante multinazionale statunitense che nell\u2019ottobre 2016 acquista la societ\u00e0 Softer con sede a Forl\u00ec, specializzata in tecnopolimeri e insediata in Italia in 4 stabilimenti: Forl\u00ec, Ferrara via Marconi, Ferrara Piazzale Donegani e Castel Goffredo a Mantova. Nel 2016 Celanese chiude lo stabilimento di Mantova e trasferisce le maestranze nella sede di Forl\u00ec. [&hellip;]","og_url":"https:\/\/bilanciosocialecgil.it\/emilia-romagna\/celanese-filtec\/","og_site_name":"Bilancio Sociale CGIL Emilia Romagna","article_publisher":"https:\/\/www.facebook.com\/CgilEmiliaRomagna\/","article_published_time":"2022-01-19T10:54:06+00:00","article_modified_time":"2022-02-08T11:08:19+00:00","og_image":[{"width":1000,"height":525,"url":"https:\/\/bilanciosocialecgil.it\/wp-content\/uploads\/2022\/01\/celanese-filtec.jpg","type":"image\/jpeg"}],"twitter_card":"summary","twitter_creator":"@ERCGIL","twitter_site":"@ERCGIL","twitter_misc":{"Scritto da":"manager","Tempo di lettura stimato":"3 minuti"},"schema":{"@context":"https:\/\/schema.org","@graph":[{"@type":"Organization","@id":"https:\/\/bilanciosocialecgil.it\/emilia-romagna\/#organization","name":"Cgil Emilia Romagna","url":"https:\/\/bilanciosocialecgil.it\/emilia-romagna\/","sameAs":["https:\/\/www.facebook.com\/CgilEmiliaRomagna\/","https:\/\/www.instagram.com\/cgilemromagna\/","https:\/\/twitter.com\/ERCGIL"],"logo":{"@type":"ImageObject","@id":"https:\/\/bilanciosocialecgil.it\/emilia-romagna\/#logo","inLanguage":"it-IT","url":"https:\/\/bilanciosocialecgil.it\/wp-content\/uploads\/2016\/08\/logoCGILER.png","contentUrl":"https:\/\/bilanciosocialecgil.it\/wp-content\/uploads\/2016\/08\/logoCGILER.png","width":164,"height":228,"caption":"Cgil Emilia Romagna"},"image":{"@id":"https:\/\/bilanciosocialecgil.it\/emilia-romagna\/#logo"}},{"@type":"WebSite","@id":"https:\/\/bilanciosocialecgil.it\/emilia-romagna\/#website","url":"https:\/\/bilanciosocialecgil.it\/emilia-romagna\/","name":"Bilancio Sociale CGIL Emilia Romagna","description":"Uno strumento di trasparenza e rendicontazione","publisher":{"@id":"https:\/\/bilanciosocialecgil.it\/emilia-romagna\/#organization"},"potentialAction":[{"@type":"SearchAction","target":{"@type":"EntryPoint","urlTemplate":"https:\/\/bilanciosocialecgil.it\/emilia-romagna\/?s={search_term_string}"},"query-input":"required name=search_term_string"}],"inLanguage":"it-IT"},{"@type":"ImageObject","@id":"https:\/\/bilanciosocialecgil.it\/emilia-romagna\/celanese-filtec\/#primaryimage","inLanguage":"it-IT","url":"https:\/\/bilanciosocialecgil.it\/wp-content\/uploads\/2022\/01\/celanese-filtec.jpg","contentUrl":"https:\/\/bilanciosocialecgil.it\/wp-content\/uploads\/2022\/01\/celanese-filtec.jpg","width":1000,"height":525},{"@type":"WebPage","@id":"https:\/\/bilanciosocialecgil.it\/emilia-romagna\/celanese-filtec\/#webpage","url":"https:\/\/bilanciosocialecgil.it\/emilia-romagna\/celanese-filtec\/","name":"Celanese FILTEC - Bilancio Sociale CGIL Emilia Romagna","isPartOf":{"@id":"https:\/\/bilanciosocialecgil.it\/emilia-romagna\/#website"},"primaryImageOfPage":{"@id":"https:\/\/bilanciosocialecgil.it\/emilia-romagna\/celanese-filtec\/#primaryimage"},"datePublished":"2022-01-19T10:54:06+00:00","dateModified":"2022-02-08T11:08:19+00:00","breadcrumb":{"@id":"https:\/\/bilanciosocialecgil.it\/emilia-romagna\/celanese-filtec\/#breadcrumb"},"inLanguage":"it-IT","potentialAction":[{"@type":"ReadAction","target":["https:\/\/bilanciosocialecgil.it\/emilia-romagna\/celanese-filtec\/"]}]},{"@type":"BreadcrumbList","@id":"https:\/\/bilanciosocialecgil.it\/emilia-romagna\/celanese-filtec\/#breadcrumb","itemListElement":[{"@type":"ListItem","position":1,"name":"Home","item":"https:\/\/bilanciosocialecgil.it\/emilia-romagna\/"},{"@type":"ListItem","position":2,"name":"Celanese FILTEC"}]},{"@type":"Article","@id":"https:\/\/bilanciosocialecgil.it\/emilia-romagna\/celanese-filtec\/#article","isPartOf":{"@id":"https:\/\/bilanciosocialecgil.it\/emilia-romagna\/celanese-filtec\/#webpage"},"author":{"@id":"https:\/\/bilanciosocialecgil.it\/emilia-romagna\/#\/schema\/person\/f718957a26efcd2b2131e095005fdfff"},"headline":"Celanese FILTEC","datePublished":"2022-01-19T10:54:06+00:00","dateModified":"2022-02-08T11:08:19+00:00","mainEntityOfPage":{"@id":"https:\/\/bilanciosocialecgil.it\/emilia-romagna\/celanese-filtec\/#webpage"},"wordCount":478,"commentCount":0,"publisher":{"@id":"https:\/\/bilanciosocialecgil.it\/emilia-romagna\/#organization"},"image":{"@id":"https:\/\/bilanciosocialecgil.it\/emilia-romagna\/celanese-filtec\/#primaryimage"},"thumbnailUrl":"https:\/\/bilanciosocialecgil.it\/wp-content\/uploads\/2022\/01\/celanese-filtec.jpg","articleSection":["Diritti","Emilia Romagna","Ferrara","Forl\u00ec-Cesena","Tutele"],"inLanguage":"it-IT","potentialAction":[{"@type":"CommentAction","name":"Comment","target":["https:\/\/bilanciosocialecgil.it\/emilia-romagna\/celanese-filtec\/#respond"]}]},{"@type":"Person","@id":"https:\/\/bilanciosocialecgil.it\/emilia-romagna\/#\/schema\/person\/f718957a26efcd2b2131e095005fdfff","name":"manager","image":{"@type":"ImageObject","@id":"https:\/\/bilanciosocialecgil.it\/emilia-romagna\/#personlogo","inLanguage":"it-IT","url":"https:\/\/secure.gravatar.com\/avatar\/a4333ad8127d6f3f57b72e09ef2350bd?s=96&d=mm&r=g","contentUrl":"https:\/\/secure.gravatar.com\/avatar\/a4333ad8127d6f3f57b72e09ef2350bd?s=96&d=mm&r=g","caption":"manager"},"url":"https:\/\/bilanciosocialecgil.it\/emilia-romagna\/author\/manager\/"}]}},"_links":{"self":[{"href":"https:\/\/bilanciosocialecgil.it\/emilia-romagna\/wp-json\/wp\/v2\/posts\/11388"}],"collection":[{"href":"https:\/\/bilanciosocialecgil.it\/emilia-romagna\/wp-json\/wp\/v2\/posts"}],"about":[{"href":"https:\/\/bilanciosocialecgil.it\/emilia-romagna\/wp-json\/wp\/v2\/types\/post"}],"author":[{"embeddable":true,"href":"https:\/\/bilanciosocialecgil.it\/emilia-romagna\/wp-json\/wp\/v2\/users\/3"}],"replies":[{"embeddable":true,"href":"https:\/\/bilanciosocialecgil.it\/emilia-romagna\/wp-json\/wp\/v2\/comments?post=11388"}],"version-history":[{"count":2,"href":"https:\/\/bilanciosocialecgil.it\/emilia-romagna\/wp-json\/wp\/v2\/posts\/11388\/revisions"}],"predecessor-version":[{"id":11390,"href":"https:\/\/bilanciosocialecgil.it\/emilia-romagna\/wp-json\/wp\/v2\/posts\/11388\/revisions\/11390"}],"wp:featuredmedia":[{"embeddable":true,"href":"https:\/\/bilanciosocialecgil.it\/emilia-romagna\/wp-json\/wp\/v2\/media\/11440"}],"wp:attachment":[{"href":"https:\/\/bilanciosocialecgil.it\/emilia-romagna\/wp-json\/wp\/v2\/media?parent=11388"}],"wp:term":[{"taxonomy":"category","embeddable":true,"href":"https:\/\/bilanciosocialecgil.it\/emilia-romagna\/wp-json\/wp\/v2\/categories?post=11388"},{"taxonomy":"post_tag","embeddable":true,"href":"https:\/\/bilanciosocialecgil.it\/emilia-romagna\/wp-json\/wp\/v2\/tags?post=11388"}],"curies":[{"name":"wp","href":"https:\/\/api.w.org\/{rel}","templated":true}]}}