


















{"id":11381,"date":"2022-01-19T10:43:15","date_gmt":"2022-01-19T10:43:15","guid":{"rendered":"https:\/\/bilanciosocialecgil.it\/?p=11381"},"modified":"2022-02-08T11:08:27","modified_gmt":"2022-02-08T11:08:27","slug":"vertenza-fox-bompani","status":"publish","type":"post","link":"https:\/\/bilanciosocialecgil.it\/emilia-romagna\/vertenza-fox-bompani\/","title":{"rendered":"Vertenza Fox Bompani"},"content":{"rendered":"\n<p>Dal 18 dicembre al 29 dicembre 2020 le Lavoratrici e i Lavoratori della Fox Bompani di Ostellato e Modena, storica azienda produttrice di elettrodomestici, sono stati impegnati nella fase conclusiva di una <strong>durissima vertenza con sciopero a oltranza di 64 ore<\/strong>,<strong> blocco totale della produzione<\/strong> e <strong>presidio permanente<\/strong> davanti allo stabilimento ferrarese.<\/p>\n\n\n\n<p>La vertenze era iniziata nel mese di ottobre a fronte della decisione aziendale di<strong> non riconoscere pi\u00f9 ai lavoratori a tempo determinato<\/strong> e somministrati l&#8217;applicazione della contrattazione aziendale, minacciando poi la <strong>disdetta complessiva della contrattazion<\/strong>e per la totalit\u00e0 dei lavoratori. Una contrattazione aziendale iniziata sin dal 1970 che riconosce ai lavoratori oltre 3.000 \u20ac all&#8217;anno di salario consolidato, ulteriori diritti individuali e collettivi rispetto a quelli del contratto nazionale e la piena contrattazione sindacale della prestazione lavorativa sulle linee di montaggio.<\/p>\n\n\n\n<p>Dopo <strong>oltre 40 ore di sciopero<\/strong> svolte tra ottobre e novembre, l&#8217;azienda alzava il livello dello scontro comminando <strong>pesanti sanzioni disciplinari<\/strong> per futili motivi a decine di lavoratori, <strong>minacciando licenziamenti<\/strong>, fino ad arrivare a sospendere in via cautelare un delegato sindacale.<\/p>\n\n\n\n<p>La vertenza si \u00e8 conclusa al Tavolo Istituzionale, dopo oltre 100 ore di sciopero, con un <strong>\u201caccordo di resistenza\u201d<\/strong>, che ha portato di fatto al <strong>ritiro dei provvedimenti disciplinari<\/strong>, alla salvaguardia della contrattazione aziendale e del ruolo della rappresentanza sindacale nella contrattazione dell&#8217;organizzazione del lavoro.<\/p>\n\n\n\n<p>Quella delle Lavoratrici e dei Lavoratori della Fox Bompani \u00e8 stata una vera Resistenza. Una <strong>Resistenza per la dignit\u00e0 del Lavoro<\/strong>. Una Resistenza per la solidariet\u00e0 tra lavoratori. Una Resistenza per la difesa della capacit\u00e0 e delle possibilit\u00e0 dei lavoratori di rappresentarsi e di essere rappresentanti dal Sindacato, dalla CGIL, dalla FIOM.<\/p>\n\n\n\n<p class=\"has-text-align-right\">FIOM-CGIL Ferrara<\/p>\n","protected":false},"excerpt":{"rendered":"Dal 18 dicembre al 29 dicembre 2020 le Lavoratrici e i Lavoratori della Fox Bompani di Ostellato e Modena, storica azienda produttrice di elettrodomestici, sono stati impegnati nella fase conclusiva di una durissima vertenza con sciopero a oltranza di 64 ore, blocco totale della produzione e presidio permanente davanti allo stabilimento ferrarese. La vertenze era [&hellip;]","protected":false},"author":3,"featured_media":11431,"comment_status":"open","ping_status":"open","sticky":false,"template":"","format":"standard","meta":[],"categories":[43,47,48],"tags":[],"yoast_head":"<!-- This site is optimized with the Yoast SEO plugin v18.3 - https:\/\/yoast.com\/wordpress\/plugins\/seo\/ -->\n<title>Vertenza Fox Bompani - Bilancio Sociale CGIL Emilia Romagna<\/title>\n<meta name=\"robots\" content=\"index, follow, max-snippet:-1, max-image-preview:large, max-video-preview:-1\" \/>\n<link rel=\"canonical\" href=\"https:\/\/bilanciosocialecgil.it\/emilia-romagna\/vertenza-fox-bompani\/\" \/>\n<meta property=\"og:locale\" content=\"it_IT\" \/>\n<meta property=\"og:type\" content=\"article\" \/>\n<meta property=\"og:title\" content=\"Vertenza Fox Bompani - Bilancio Sociale CGIL Emilia Romagna\" \/>\n<meta property=\"og:description\" content=\"Dal 18 dicembre al 29 dicembre 2020 le Lavoratrici e i Lavoratori della Fox Bompani di Ostellato e Modena, storica azienda produttrice di elettrodomestici, sono stati impegnati nella fase conclusiva di una durissima vertenza con sciopero a oltranza di 64 ore, blocco totale della produzione e presidio permanente davanti allo stabilimento ferrarese. La vertenze era [&hellip;]\" \/>\n<meta property=\"og:url\" content=\"https:\/\/bilanciosocialecgil.it\/emilia-romagna\/vertenza-fox-bompani\/\" \/>\n<meta property=\"og:site_name\" content=\"Bilancio Sociale CGIL Emilia Romagna\" \/>\n<meta property=\"article:publisher\" content=\"https:\/\/www.facebook.com\/CgilEmiliaRomagna\/\" \/>\n<meta property=\"article:published_time\" content=\"2022-01-19T10:43:15+00:00\" \/>\n<meta property=\"article:modified_time\" content=\"2022-02-08T11:08:27+00:00\" \/>\n<meta property=\"og:image\" content=\"https:\/\/bilanciosocialecgil.it\/wp-content\/uploads\/2022\/01\/Fox-Bompani-sciopero.jpg\" \/>\n\t<meta property=\"og:image:width\" content=\"800\" \/>\n\t<meta property=\"og:image:height\" content=\"600\" \/>\n\t<meta property=\"og:image:type\" content=\"image\/jpeg\" \/>\n<meta name=\"twitter:card\" content=\"summary\" \/>\n<meta name=\"twitter:creator\" content=\"@ERCGIL\" \/>\n<meta name=\"twitter:site\" content=\"@ERCGIL\" \/>\n<meta name=\"twitter:label1\" content=\"Scritto da\" \/>\n\t<meta name=\"twitter:data1\" content=\"manager\" \/>\n\t<meta name=\"twitter:label2\" content=\"Tempo di lettura stimato\" \/>\n\t<meta name=\"twitter:data2\" content=\"2 minuti\" \/>\n<script type=\"application\/ld+json\" class=\"yoast-schema-graph\">{\"@context\":\"https:\/\/schema.org\",\"@graph\":[{\"@type\":\"Organization\",\"@id\":\"https:\/\/bilanciosocialecgil.it\/emilia-romagna\/#organization\",\"name\":\"Cgil Emilia Romagna\",\"url\":\"https:\/\/bilanciosocialecgil.it\/emilia-romagna\/\",\"sameAs\":[\"https:\/\/www.facebook.com\/CgilEmiliaRomagna\/\",\"https:\/\/www.instagram.com\/cgilemromagna\/\",\"https:\/\/twitter.com\/ERCGIL\"],\"logo\":{\"@type\":\"ImageObject\",\"@id\":\"https:\/\/bilanciosocialecgil.it\/emilia-romagna\/#logo\",\"inLanguage\":\"it-IT\",\"url\":\"https:\/\/bilanciosocialecgil.it\/wp-content\/uploads\/2016\/08\/logoCGILER.png\",\"contentUrl\":\"https:\/\/bilanciosocialecgil.it\/wp-content\/uploads\/2016\/08\/logoCGILER.png\",\"width\":164,\"height\":228,\"caption\":\"Cgil Emilia Romagna\"},\"image\":{\"@id\":\"https:\/\/bilanciosocialecgil.it\/emilia-romagna\/#logo\"}},{\"@type\":\"WebSite\",\"@id\":\"https:\/\/bilanciosocialecgil.it\/emilia-romagna\/#website\",\"url\":\"https:\/\/bilanciosocialecgil.it\/emilia-romagna\/\",\"name\":\"Bilancio Sociale CGIL Emilia Romagna\",\"description\":\"Uno strumento di trasparenza e rendicontazione\",\"publisher\":{\"@id\":\"https:\/\/bilanciosocialecgil.it\/emilia-romagna\/#organization\"},\"potentialAction\":[{\"@type\":\"SearchAction\",\"target\":{\"@type\":\"EntryPoint\",\"urlTemplate\":\"https:\/\/bilanciosocialecgil.it\/emilia-romagna\/?s={search_term_string}\"},\"query-input\":\"required name=search_term_string\"}],\"inLanguage\":\"it-IT\"},{\"@type\":\"ImageObject\",\"@id\":\"https:\/\/bilanciosocialecgil.it\/emilia-romagna\/vertenza-fox-bompani\/#primaryimage\",\"inLanguage\":\"it-IT\",\"url\":\"https:\/\/bilanciosocialecgil.it\/wp-content\/uploads\/2022\/01\/Fox-Bompani-sciopero.jpg\",\"contentUrl\":\"https:\/\/bilanciosocialecgil.it\/wp-content\/uploads\/2022\/01\/Fox-Bompani-sciopero.jpg\",\"width\":800,\"height\":600},{\"@type\":\"WebPage\",\"@id\":\"https:\/\/bilanciosocialecgil.it\/emilia-romagna\/vertenza-fox-bompani\/#webpage\",\"url\":\"https:\/\/bilanciosocialecgil.it\/emilia-romagna\/vertenza-fox-bompani\/\",\"name\":\"Vertenza Fox Bompani - Bilancio Sociale CGIL Emilia Romagna\",\"isPartOf\":{\"@id\":\"https:\/\/bilanciosocialecgil.it\/emilia-romagna\/#website\"},\"primaryImageOfPage\":{\"@id\":\"https:\/\/bilanciosocialecgil.it\/emilia-romagna\/vertenza-fox-bompani\/#primaryimage\"},\"datePublished\":\"2022-01-19T10:43:15+00:00\",\"dateModified\":\"2022-02-08T11:08:27+00:00\",\"breadcrumb\":{\"@id\":\"https:\/\/bilanciosocialecgil.it\/emilia-romagna\/vertenza-fox-bompani\/#breadcrumb\"},\"inLanguage\":\"it-IT\",\"potentialAction\":[{\"@type\":\"ReadAction\",\"target\":[\"https:\/\/bilanciosocialecgil.it\/emilia-romagna\/vertenza-fox-bompani\/\"]}]},{\"@type\":\"BreadcrumbList\",\"@id\":\"https:\/\/bilanciosocialecgil.it\/emilia-romagna\/vertenza-fox-bompani\/#breadcrumb\",\"itemListElement\":[{\"@type\":\"ListItem\",\"position\":1,\"name\":\"Home\",\"item\":\"https:\/\/bilanciosocialecgil.it\/emilia-romagna\/\"},{\"@type\":\"ListItem\",\"position\":2,\"name\":\"Vertenza Fox Bompani\"}]},{\"@type\":\"Article\",\"@id\":\"https:\/\/bilanciosocialecgil.it\/emilia-romagna\/vertenza-fox-bompani\/#article\",\"isPartOf\":{\"@id\":\"https:\/\/bilanciosocialecgil.it\/emilia-romagna\/vertenza-fox-bompani\/#webpage\"},\"author\":{\"@id\":\"https:\/\/bilanciosocialecgil.it\/emilia-romagna\/#\/schema\/person\/f718957a26efcd2b2131e095005fdfff\"},\"headline\":\"Vertenza Fox Bompani\",\"datePublished\":\"2022-01-19T10:43:15+00:00\",\"dateModified\":\"2022-02-08T11:08:27+00:00\",\"mainEntityOfPage\":{\"@id\":\"https:\/\/bilanciosocialecgil.it\/emilia-romagna\/vertenza-fox-bompani\/#webpage\"},\"wordCount\":265,\"commentCount\":0,\"publisher\":{\"@id\":\"https:\/\/bilanciosocialecgil.it\/emilia-romagna\/#organization\"},\"image\":{\"@id\":\"https:\/\/bilanciosocialecgil.it\/emilia-romagna\/vertenza-fox-bompani\/#primaryimage\"},\"thumbnailUrl\":\"https:\/\/bilanciosocialecgil.it\/wp-content\/uploads\/2022\/01\/Fox-Bompani-sciopero.jpg\",\"articleSection\":[\"Emilia Romagna\",\"Ferrara\",\"Modena\"],\"inLanguage\":\"it-IT\",\"potentialAction\":[{\"@type\":\"CommentAction\",\"name\":\"Comment\",\"target\":[\"https:\/\/bilanciosocialecgil.it\/emilia-romagna\/vertenza-fox-bompani\/#respond\"]}]},{\"@type\":\"Person\",\"@id\":\"https:\/\/bilanciosocialecgil.it\/emilia-romagna\/#\/schema\/person\/f718957a26efcd2b2131e095005fdfff\",\"name\":\"manager\",\"image\":{\"@type\":\"ImageObject\",\"@id\":\"https:\/\/bilanciosocialecgil.it\/emilia-romagna\/#personlogo\",\"inLanguage\":\"it-IT\",\"url\":\"https:\/\/secure.gravatar.com\/avatar\/a4333ad8127d6f3f57b72e09ef2350bd?s=96&d=mm&r=g\",\"contentUrl\":\"https:\/\/secure.gravatar.com\/avatar\/a4333ad8127d6f3f57b72e09ef2350bd?s=96&d=mm&r=g\",\"caption\":\"manager\"},\"url\":\"https:\/\/bilanciosocialecgil.it\/emilia-romagna\/author\/manager\/\"}]}<\/script>\n<!-- \/ Yoast SEO plugin. -->","yoast_head_json":{"title":"Vertenza Fox Bompani - Bilancio Sociale CGIL Emilia Romagna","robots":{"index":"index","follow":"follow","max-snippet":"max-snippet:-1","max-image-preview":"max-image-preview:large","max-video-preview":"max-video-preview:-1"},"canonical":"https:\/\/bilanciosocialecgil.it\/emilia-romagna\/vertenza-fox-bompani\/","og_locale":"it_IT","og_type":"article","og_title":"Vertenza Fox Bompani - Bilancio Sociale CGIL Emilia Romagna","og_description":"Dal 18 dicembre al 29 dicembre 2020 le Lavoratrici e i Lavoratori della Fox Bompani di Ostellato e Modena, storica azienda produttrice di elettrodomestici, sono stati impegnati nella fase conclusiva di una durissima vertenza con sciopero a oltranza di 64 ore, blocco totale della produzione e presidio permanente davanti allo stabilimento ferrarese. La vertenze era [&hellip;]","og_url":"https:\/\/bilanciosocialecgil.it\/emilia-romagna\/vertenza-fox-bompani\/","og_site_name":"Bilancio Sociale CGIL Emilia Romagna","article_publisher":"https:\/\/www.facebook.com\/CgilEmiliaRomagna\/","article_published_time":"2022-01-19T10:43:15+00:00","article_modified_time":"2022-02-08T11:08:27+00:00","og_image":[{"width":800,"height":600,"url":"https:\/\/bilanciosocialecgil.it\/wp-content\/uploads\/2022\/01\/Fox-Bompani-sciopero.jpg","type":"image\/jpeg"}],"twitter_card":"summary","twitter_creator":"@ERCGIL","twitter_site":"@ERCGIL","twitter_misc":{"Scritto da":"manager","Tempo di lettura stimato":"2 minuti"},"schema":{"@context":"https:\/\/schema.org","@graph":[{"@type":"Organization","@id":"https:\/\/bilanciosocialecgil.it\/emilia-romagna\/#organization","name":"Cgil Emilia Romagna","url":"https:\/\/bilanciosocialecgil.it\/emilia-romagna\/","sameAs":["https:\/\/www.facebook.com\/CgilEmiliaRomagna\/","https:\/\/www.instagram.com\/cgilemromagna\/","https:\/\/twitter.com\/ERCGIL"],"logo":{"@type":"ImageObject","@id":"https:\/\/bilanciosocialecgil.it\/emilia-romagna\/#logo","inLanguage":"it-IT","url":"https:\/\/bilanciosocialecgil.it\/wp-content\/uploads\/2016\/08\/logoCGILER.png","contentUrl":"https:\/\/bilanciosocialecgil.it\/wp-content\/uploads\/2016\/08\/logoCGILER.png","width":164,"height":228,"caption":"Cgil Emilia Romagna"},"image":{"@id":"https:\/\/bilanciosocialecgil.it\/emilia-romagna\/#logo"}},{"@type":"WebSite","@id":"https:\/\/bilanciosocialecgil.it\/emilia-romagna\/#website","url":"https:\/\/bilanciosocialecgil.it\/emilia-romagna\/","name":"Bilancio Sociale CGIL Emilia Romagna","description":"Uno strumento di trasparenza e rendicontazione","publisher":{"@id":"https:\/\/bilanciosocialecgil.it\/emilia-romagna\/#organization"},"potentialAction":[{"@type":"SearchAction","target":{"@type":"EntryPoint","urlTemplate":"https:\/\/bilanciosocialecgil.it\/emilia-romagna\/?s={search_term_string}"},"query-input":"required name=search_term_string"}],"inLanguage":"it-IT"},{"@type":"ImageObject","@id":"https:\/\/bilanciosocialecgil.it\/emilia-romagna\/vertenza-fox-bompani\/#primaryimage","inLanguage":"it-IT","url":"https:\/\/bilanciosocialecgil.it\/wp-content\/uploads\/2022\/01\/Fox-Bompani-sciopero.jpg","contentUrl":"https:\/\/bilanciosocialecgil.it\/wp-content\/uploads\/2022\/01\/Fox-Bompani-sciopero.jpg","width":800,"height":600},{"@type":"WebPage","@id":"https:\/\/bilanciosocialecgil.it\/emilia-romagna\/vertenza-fox-bompani\/#webpage","url":"https:\/\/bilanciosocialecgil.it\/emilia-romagna\/vertenza-fox-bompani\/","name":"Vertenza Fox Bompani - Bilancio Sociale CGIL Emilia Romagna","isPartOf":{"@id":"https:\/\/bilanciosocialecgil.it\/emilia-romagna\/#website"},"primaryImageOfPage":{"@id":"https:\/\/bilanciosocialecgil.it\/emilia-romagna\/vertenza-fox-bompani\/#primaryimage"},"datePublished":"2022-01-19T10:43:15+00:00","dateModified":"2022-02-08T11:08:27+00:00","breadcrumb":{"@id":"https:\/\/bilanciosocialecgil.it\/emilia-romagna\/vertenza-fox-bompani\/#breadcrumb"},"inLanguage":"it-IT","potentialAction":[{"@type":"ReadAction","target":["https:\/\/bilanciosocialecgil.it\/emilia-romagna\/vertenza-fox-bompani\/"]}]},{"@type":"BreadcrumbList","@id":"https:\/\/bilanciosocialecgil.it\/emilia-romagna\/vertenza-fox-bompani\/#breadcrumb","itemListElement":[{"@type":"ListItem","position":1,"name":"Home","item":"https:\/\/bilanciosocialecgil.it\/emilia-romagna\/"},{"@type":"ListItem","position":2,"name":"Vertenza Fox Bompani"}]},{"@type":"Article","@id":"https:\/\/bilanciosocialecgil.it\/emilia-romagna\/vertenza-fox-bompani\/#article","isPartOf":{"@id":"https:\/\/bilanciosocialecgil.it\/emilia-romagna\/vertenza-fox-bompani\/#webpage"},"author":{"@id":"https:\/\/bilanciosocialecgil.it\/emilia-romagna\/#\/schema\/person\/f718957a26efcd2b2131e095005fdfff"},"headline":"Vertenza Fox Bompani","datePublished":"2022-01-19T10:43:15+00:00","dateModified":"2022-02-08T11:08:27+00:00","mainEntityOfPage":{"@id":"https:\/\/bilanciosocialecgil.it\/emilia-romagna\/vertenza-fox-bompani\/#webpage"},"wordCount":265,"commentCount":0,"publisher":{"@id":"https:\/\/bilanciosocialecgil.it\/emilia-romagna\/#organization"},"image":{"@id":"https:\/\/bilanciosocialecgil.it\/emilia-romagna\/vertenza-fox-bompani\/#primaryimage"},"thumbnailUrl":"https:\/\/bilanciosocialecgil.it\/wp-content\/uploads\/2022\/01\/Fox-Bompani-sciopero.jpg","articleSection":["Emilia Romagna","Ferrara","Modena"],"inLanguage":"it-IT","potentialAction":[{"@type":"CommentAction","name":"Comment","target":["https:\/\/bilanciosocialecgil.it\/emilia-romagna\/vertenza-fox-bompani\/#respond"]}]},{"@type":"Person","@id":"https:\/\/bilanciosocialecgil.it\/emilia-romagna\/#\/schema\/person\/f718957a26efcd2b2131e095005fdfff","name":"manager","image":{"@type":"ImageObject","@id":"https:\/\/bilanciosocialecgil.it\/emilia-romagna\/#personlogo","inLanguage":"it-IT","url":"https:\/\/secure.gravatar.com\/avatar\/a4333ad8127d6f3f57b72e09ef2350bd?s=96&d=mm&r=g","contentUrl":"https:\/\/secure.gravatar.com\/avatar\/a4333ad8127d6f3f57b72e09ef2350bd?s=96&d=mm&r=g","caption":"manager"},"url":"https:\/\/bilanciosocialecgil.it\/emilia-romagna\/author\/manager\/"}]}},"_links":{"self":[{"href":"https:\/\/bilanciosocialecgil.it\/emilia-romagna\/wp-json\/wp\/v2\/posts\/11381"}],"collection":[{"href":"https:\/\/bilanciosocialecgil.it\/emilia-romagna\/wp-json\/wp\/v2\/posts"}],"about":[{"href":"https:\/\/bilanciosocialecgil.it\/emilia-romagna\/wp-json\/wp\/v2\/types\/post"}],"author":[{"embeddable":true,"href":"https:\/\/bilanciosocialecgil.it\/emilia-romagna\/wp-json\/wp\/v2\/users\/3"}],"replies":[{"embeddable":true,"href":"https:\/\/bilanciosocialecgil.it\/emilia-romagna\/wp-json\/wp\/v2\/comments?post=11381"}],"version-history":[{"count":3,"href":"https:\/\/bilanciosocialecgil.it\/emilia-romagna\/wp-json\/wp\/v2\/posts\/11381\/revisions"}],"predecessor-version":[{"id":11435,"href":"https:\/\/bilanciosocialecgil.it\/emilia-romagna\/wp-json\/wp\/v2\/posts\/11381\/revisions\/11435"}],"wp:featuredmedia":[{"embeddable":true,"href":"https:\/\/bilanciosocialecgil.it\/emilia-romagna\/wp-json\/wp\/v2\/media\/11431"}],"wp:attachment":[{"href":"https:\/\/bilanciosocialecgil.it\/emilia-romagna\/wp-json\/wp\/v2\/media?parent=11381"}],"wp:term":[{"taxonomy":"category","embeddable":true,"href":"https:\/\/bilanciosocialecgil.it\/emilia-romagna\/wp-json\/wp\/v2\/categories?post=11381"},{"taxonomy":"post_tag","embeddable":true,"href":"https:\/\/bilanciosocialecgil.it\/emilia-romagna\/wp-json\/wp\/v2\/tags?post=11381"}],"curies":[{"name":"wp","href":"https:\/\/api.w.org\/{rel}","templated":true}]}}