


















{"id":11367,"date":"2022-01-19T10:04:12","date_gmt":"2022-01-19T10:04:12","guid":{"rendered":"https:\/\/bilanciosocialecgil.it\/?p=11367"},"modified":"2022-02-08T11:08:46","modified_gmt":"2022-02-08T11:08:46","slug":"relazione-vertenza-sicrea-spa-siteco-srl","status":"publish","type":"post","link":"https:\/\/bilanciosocialecgil.it\/emilia-romagna\/relazione-vertenza-sicrea-spa-siteco-srl\/","title":{"rendered":"Relazione vertenza Sicrea Spa Siteco Srl"},"content":{"rendered":"\r\n<p>A partire da febbraio 2020 e a seguito del <strong>mancato pagamento<\/strong> di circa 2 mensilit\u00e0 ai lavoratori delle due imprese Sicrea Spa e Siteco Srl (azienda con socio unico Sicrea Spa) si apre la <strong>vertenza sindacale<\/strong> in merito alle due realt\u00e0 produttive (ex cooperative CMR e ORION) per tentare di <strong>recuperare i crediti <\/strong>dei lavoratori delle due aziende e per scongiurare la soluzione dell\u2019attivit\u00e0 produttiva.<\/p>\r\n\r\n\r\n\r\n<p>Entrambe le aziende infatti fanno parte del consorzio Integra che da un certo momento<strong> non fornisce pi\u00f9 gli appalti<\/strong> alle due imprese motivando la scelta sulla base delle lamentele dei committenti rispetto ai lavori commissionati. Sicrea Spa All\u2019inizio di maggio 2020 presenta <strong>richiesta di concordato<\/strong> in bianco mentre la Siteco <strong>cessa l\u2019attivit\u00e0 produttiva.<\/strong><\/p>\r\n\r\n\r\n\r\n<p>Alla vertenza partecipano la Fillea Emilia Romagna con delega nazionale, la Cgil Emilia Romagna, la Cgil di Modena, la Cgil di Reggio Emilia, la Fillea di Modena, la Fillea di Reggio Emilia e la Fiom di Reggio Emilia con supporto anche legale che chiedono la convocazione di un tavolo con la regione Emilia Romagna (sia politico che tecnico) durante al vigenza del quale si riesce innanzitutto a <strong>tutelare i lavoratori<\/strong> formulando <strong>accordi di Cassa Integrazione<\/strong> e e si tenta di <strong>recuperare i crediti<\/strong> provando a far chiamare al tavolo sia l\u2019Iren committente dell\u2019appalto in consegnato a Siteco Srl, sia lo stesso consorzio Integra intestatario di tutti gli appalti consegnati e poi ritirati alle due imprese.<\/p>\r\n\r\n\r\n\r\n<p>Con Siteco risulta strategica l\u2019azione del sindacato che <strong>chiede e ottiene<\/strong> la permanenza in <strong>cassa integrazione dei lavoratori<\/strong> di due affitti interni a siteco (Bilancioni e Sirem) che altrimenti avrebbero visto la risoluzione dei rapporti di lavoro data le situazione di crisi delle aziende da cui provenivano. L\u2019intenzione di siteco infatti \u00e8 inizialmente quella di sciogliere i rispettivi affitti di ramo d\u2019azienda esistenti (questo problema si presenta in particolar modo quando l\u2019azienda arriva al fallimento).<\/p>\r\n\r\n\r\n\r\n<p>Rispetto al recupero dei crediti, nonostante il coinvolgimento di Iren e Integra<strong> non arrivano risposte concrete alle richieste avanzate dal sindacato<\/strong> al tavolo regionale, arrivando anche in alcune occasioni a mancate presenze di queste due realt\u00e0.<\/p>\r\n\r\n\r\n\r\n<p>Siteco srl all\u2019inizio di agosto va in concordato preventivo e all\u2019<strong>inzio di ottobre fallisce<\/strong>.<\/p>\r\n\r\n\r\n\r\n<p>Con Siteco in fallimento si riesce ad ottenere la <strong>voltura della cigs<\/strong> per continuare l\u2019utilizzo dell\u2019ammortizzatore sociale per tutti i lavoratori e un accordo che al momento dell\u2019uscita dei lavoratori alla fine della Cigs garantisca<strong> l\u2019indennit\u00e0 sostitutiva del preavviso<\/strong> e la clausola di impegno della curatela per promuovere il <strong>ripescaggio degli stessi<\/strong> a seguito di un eventuale subentro di una azienda terza nel rilevare l\u2019azienda fallita.<\/p>\r\n\r\n\r\n\r\n<p>Per Sicrea invece si prospetta la possibilt\u00e0 di un affitto di ramo d\u2019azienda che si conclude positivamente con accordo sindacale nel mese di novembre 2020 che salvaguardia la continuit\u00e0 lavorativa per tutti i lavoratori ai sensi del 2112 c.c. con passaggio diretto senza soluzione di continuit\u00e0 peresso la nuova realt\u00e0 produttiva presso Sicrea Cantieri srl entro la fine della Cigs incorso.<\/p>\r\n\r\n\r\n\r\n<p>Inoltre si prevede l\u2019apertura comunque di una <strong>procedura di licenziamento volontaria<\/strong> per massimo 5 profili professionali ai sensi dell\u2019art. 14 DL 104 2020 presso la Sicrea.<\/p>\r\n\r\n\r\n\r\n<p>All\u2019inizio di luglio 2021 alla fine della Cigs, <strong>tutti i lavoratori <\/strong>della Sicrea risulterebbero<strong> trasferiti<\/strong> a Sicrea Cantieri.<\/p>\r\n","protected":false},"excerpt":{"rendered":"A partire da febbraio 2020 e a seguito del mancato pagamento di circa 2 mensilit\u00e0 ai lavoratori delle due imprese Sicrea Spa e Siteco Srl (azienda con socio unico Sicrea Spa) si apre la vertenza sindacale in merito alle due realt\u00e0 produttive (ex cooperative CMR e ORION) per tentare di recuperare i crediti dei lavoratori [&hellip;]","protected":false},"author":3,"featured_media":11411,"comment_status":"open","ping_status":"open","sticky":false,"template":"","format":"standard","meta":[],"categories":[43],"tags":[],"yoast_head":"<!-- This site is optimized with the Yoast SEO plugin v18.3 - https:\/\/yoast.com\/wordpress\/plugins\/seo\/ -->\n<title>Relazione vertenza Sicrea Spa Siteco Srl - Bilancio Sociale CGIL Emilia Romagna<\/title>\n<meta name=\"robots\" content=\"index, follow, max-snippet:-1, max-image-preview:large, max-video-preview:-1\" \/>\n<link rel=\"canonical\" href=\"https:\/\/bilanciosocialecgil.it\/emilia-romagna\/relazione-vertenza-sicrea-spa-siteco-srl\/\" \/>\n<meta property=\"og:locale\" content=\"it_IT\" \/>\n<meta property=\"og:type\" content=\"article\" \/>\n<meta property=\"og:title\" content=\"Relazione vertenza Sicrea Spa Siteco Srl - Bilancio Sociale CGIL Emilia Romagna\" \/>\n<meta property=\"og:description\" content=\"A partire da febbraio 2020 e a seguito del mancato pagamento di circa 2 mensilit\u00e0 ai lavoratori delle due imprese Sicrea Spa e Siteco Srl (azienda con socio unico Sicrea Spa) si apre la vertenza sindacale in merito alle due realt\u00e0 produttive (ex cooperative CMR e ORION) per tentare di recuperare i crediti dei lavoratori [&hellip;]\" \/>\n<meta property=\"og:url\" content=\"https:\/\/bilanciosocialecgil.it\/emilia-romagna\/relazione-vertenza-sicrea-spa-siteco-srl\/\" \/>\n<meta property=\"og:site_name\" content=\"Bilancio Sociale CGIL Emilia Romagna\" \/>\n<meta property=\"article:publisher\" content=\"https:\/\/www.facebook.com\/CgilEmiliaRomagna\/\" \/>\n<meta property=\"article:published_time\" content=\"2022-01-19T10:04:12+00:00\" \/>\n<meta property=\"article:modified_time\" content=\"2022-02-08T11:08:46+00:00\" \/>\n<meta property=\"og:image\" content=\"https:\/\/bilanciosocialecgil.it\/wp-content\/uploads\/2022\/01\/sicrea-siteco-.png\" \/>\n\t<meta property=\"og:image:width\" content=\"316\" \/>\n\t<meta property=\"og:image:height\" content=\"164\" \/>\n\t<meta property=\"og:image:type\" content=\"image\/png\" \/>\n<meta name=\"twitter:card\" content=\"summary\" \/>\n<meta name=\"twitter:creator\" content=\"@ERCGIL\" \/>\n<meta name=\"twitter:site\" content=\"@ERCGIL\" \/>\n<meta name=\"twitter:label1\" content=\"Scritto da\" \/>\n\t<meta name=\"twitter:data1\" content=\"manager\" \/>\n\t<meta name=\"twitter:label2\" content=\"Tempo di lettura stimato\" \/>\n\t<meta name=\"twitter:data2\" content=\"3 minuti\" \/>\n<script type=\"application\/ld+json\" class=\"yoast-schema-graph\">{\"@context\":\"https:\/\/schema.org\",\"@graph\":[{\"@type\":\"Organization\",\"@id\":\"https:\/\/bilanciosocialecgil.it\/emilia-romagna\/#organization\",\"name\":\"Cgil Emilia Romagna\",\"url\":\"https:\/\/bilanciosocialecgil.it\/emilia-romagna\/\",\"sameAs\":[\"https:\/\/www.facebook.com\/CgilEmiliaRomagna\/\",\"https:\/\/www.instagram.com\/cgilemromagna\/\",\"https:\/\/twitter.com\/ERCGIL\"],\"logo\":{\"@type\":\"ImageObject\",\"@id\":\"https:\/\/bilanciosocialecgil.it\/emilia-romagna\/#logo\",\"inLanguage\":\"it-IT\",\"url\":\"https:\/\/bilanciosocialecgil.it\/wp-content\/uploads\/2016\/08\/logoCGILER.png\",\"contentUrl\":\"https:\/\/bilanciosocialecgil.it\/wp-content\/uploads\/2016\/08\/logoCGILER.png\",\"width\":164,\"height\":228,\"caption\":\"Cgil Emilia Romagna\"},\"image\":{\"@id\":\"https:\/\/bilanciosocialecgil.it\/emilia-romagna\/#logo\"}},{\"@type\":\"WebSite\",\"@id\":\"https:\/\/bilanciosocialecgil.it\/emilia-romagna\/#website\",\"url\":\"https:\/\/bilanciosocialecgil.it\/emilia-romagna\/\",\"name\":\"Bilancio Sociale CGIL Emilia Romagna\",\"description\":\"Uno strumento di trasparenza e rendicontazione\",\"publisher\":{\"@id\":\"https:\/\/bilanciosocialecgil.it\/emilia-romagna\/#organization\"},\"potentialAction\":[{\"@type\":\"SearchAction\",\"target\":{\"@type\":\"EntryPoint\",\"urlTemplate\":\"https:\/\/bilanciosocialecgil.it\/emilia-romagna\/?s={search_term_string}\"},\"query-input\":\"required name=search_term_string\"}],\"inLanguage\":\"it-IT\"},{\"@type\":\"ImageObject\",\"@id\":\"https:\/\/bilanciosocialecgil.it\/emilia-romagna\/relazione-vertenza-sicrea-spa-siteco-srl\/#primaryimage\",\"inLanguage\":\"it-IT\",\"url\":\"https:\/\/bilanciosocialecgil.it\/wp-content\/uploads\/2022\/01\/sicrea-siteco-.png\",\"contentUrl\":\"https:\/\/bilanciosocialecgil.it\/wp-content\/uploads\/2022\/01\/sicrea-siteco-.png\",\"width\":316,\"height\":164},{\"@type\":\"WebPage\",\"@id\":\"https:\/\/bilanciosocialecgil.it\/emilia-romagna\/relazione-vertenza-sicrea-spa-siteco-srl\/#webpage\",\"url\":\"https:\/\/bilanciosocialecgil.it\/emilia-romagna\/relazione-vertenza-sicrea-spa-siteco-srl\/\",\"name\":\"Relazione vertenza Sicrea Spa Siteco Srl - Bilancio Sociale CGIL Emilia Romagna\",\"isPartOf\":{\"@id\":\"https:\/\/bilanciosocialecgil.it\/emilia-romagna\/#website\"},\"primaryImageOfPage\":{\"@id\":\"https:\/\/bilanciosocialecgil.it\/emilia-romagna\/relazione-vertenza-sicrea-spa-siteco-srl\/#primaryimage\"},\"datePublished\":\"2022-01-19T10:04:12+00:00\",\"dateModified\":\"2022-02-08T11:08:46+00:00\",\"breadcrumb\":{\"@id\":\"https:\/\/bilanciosocialecgil.it\/emilia-romagna\/relazione-vertenza-sicrea-spa-siteco-srl\/#breadcrumb\"},\"inLanguage\":\"it-IT\",\"potentialAction\":[{\"@type\":\"ReadAction\",\"target\":[\"https:\/\/bilanciosocialecgil.it\/emilia-romagna\/relazione-vertenza-sicrea-spa-siteco-srl\/\"]}]},{\"@type\":\"BreadcrumbList\",\"@id\":\"https:\/\/bilanciosocialecgil.it\/emilia-romagna\/relazione-vertenza-sicrea-spa-siteco-srl\/#breadcrumb\",\"itemListElement\":[{\"@type\":\"ListItem\",\"position\":1,\"name\":\"Home\",\"item\":\"https:\/\/bilanciosocialecgil.it\/emilia-romagna\/\"},{\"@type\":\"ListItem\",\"position\":2,\"name\":\"Relazione vertenza Sicrea Spa Siteco Srl\"}]},{\"@type\":\"Article\",\"@id\":\"https:\/\/bilanciosocialecgil.it\/emilia-romagna\/relazione-vertenza-sicrea-spa-siteco-srl\/#article\",\"isPartOf\":{\"@id\":\"https:\/\/bilanciosocialecgil.it\/emilia-romagna\/relazione-vertenza-sicrea-spa-siteco-srl\/#webpage\"},\"author\":{\"@id\":\"https:\/\/bilanciosocialecgil.it\/emilia-romagna\/#\/schema\/person\/f718957a26efcd2b2131e095005fdfff\"},\"headline\":\"Relazione vertenza Sicrea Spa Siteco Srl\",\"datePublished\":\"2022-01-19T10:04:12+00:00\",\"dateModified\":\"2022-02-08T11:08:46+00:00\",\"mainEntityOfPage\":{\"@id\":\"https:\/\/bilanciosocialecgil.it\/emilia-romagna\/relazione-vertenza-sicrea-spa-siteco-srl\/#webpage\"},\"wordCount\":545,\"commentCount\":0,\"publisher\":{\"@id\":\"https:\/\/bilanciosocialecgil.it\/emilia-romagna\/#organization\"},\"image\":{\"@id\":\"https:\/\/bilanciosocialecgil.it\/emilia-romagna\/relazione-vertenza-sicrea-spa-siteco-srl\/#primaryimage\"},\"thumbnailUrl\":\"https:\/\/bilanciosocialecgil.it\/wp-content\/uploads\/2022\/01\/sicrea-siteco-.png\",\"articleSection\":[\"Emilia Romagna\"],\"inLanguage\":\"it-IT\",\"potentialAction\":[{\"@type\":\"CommentAction\",\"name\":\"Comment\",\"target\":[\"https:\/\/bilanciosocialecgil.it\/emilia-romagna\/relazione-vertenza-sicrea-spa-siteco-srl\/#respond\"]}]},{\"@type\":\"Person\",\"@id\":\"https:\/\/bilanciosocialecgil.it\/emilia-romagna\/#\/schema\/person\/f718957a26efcd2b2131e095005fdfff\",\"name\":\"manager\",\"image\":{\"@type\":\"ImageObject\",\"@id\":\"https:\/\/bilanciosocialecgil.it\/emilia-romagna\/#personlogo\",\"inLanguage\":\"it-IT\",\"url\":\"https:\/\/secure.gravatar.com\/avatar\/a4333ad8127d6f3f57b72e09ef2350bd?s=96&d=mm&r=g\",\"contentUrl\":\"https:\/\/secure.gravatar.com\/avatar\/a4333ad8127d6f3f57b72e09ef2350bd?s=96&d=mm&r=g\",\"caption\":\"manager\"},\"url\":\"https:\/\/bilanciosocialecgil.it\/emilia-romagna\/author\/manager\/\"}]}<\/script>\n<!-- \/ Yoast SEO plugin. -->","yoast_head_json":{"title":"Relazione vertenza Sicrea Spa Siteco Srl - Bilancio Sociale CGIL Emilia Romagna","robots":{"index":"index","follow":"follow","max-snippet":"max-snippet:-1","max-image-preview":"max-image-preview:large","max-video-preview":"max-video-preview:-1"},"canonical":"https:\/\/bilanciosocialecgil.it\/emilia-romagna\/relazione-vertenza-sicrea-spa-siteco-srl\/","og_locale":"it_IT","og_type":"article","og_title":"Relazione vertenza Sicrea Spa Siteco Srl - Bilancio Sociale CGIL Emilia Romagna","og_description":"A partire da febbraio 2020 e a seguito del mancato pagamento di circa 2 mensilit\u00e0 ai lavoratori delle due imprese Sicrea Spa e Siteco Srl (azienda con socio unico Sicrea Spa) si apre la vertenza sindacale in merito alle due realt\u00e0 produttive (ex cooperative CMR e ORION) per tentare di recuperare i crediti dei lavoratori [&hellip;]","og_url":"https:\/\/bilanciosocialecgil.it\/emilia-romagna\/relazione-vertenza-sicrea-spa-siteco-srl\/","og_site_name":"Bilancio Sociale CGIL Emilia Romagna","article_publisher":"https:\/\/www.facebook.com\/CgilEmiliaRomagna\/","article_published_time":"2022-01-19T10:04:12+00:00","article_modified_time":"2022-02-08T11:08:46+00:00","og_image":[{"width":316,"height":164,"url":"https:\/\/bilanciosocialecgil.it\/wp-content\/uploads\/2022\/01\/sicrea-siteco-.png","type":"image\/png"}],"twitter_card":"summary","twitter_creator":"@ERCGIL","twitter_site":"@ERCGIL","twitter_misc":{"Scritto da":"manager","Tempo di lettura stimato":"3 minuti"},"schema":{"@context":"https:\/\/schema.org","@graph":[{"@type":"Organization","@id":"https:\/\/bilanciosocialecgil.it\/emilia-romagna\/#organization","name":"Cgil Emilia Romagna","url":"https:\/\/bilanciosocialecgil.it\/emilia-romagna\/","sameAs":["https:\/\/www.facebook.com\/CgilEmiliaRomagna\/","https:\/\/www.instagram.com\/cgilemromagna\/","https:\/\/twitter.com\/ERCGIL"],"logo":{"@type":"ImageObject","@id":"https:\/\/bilanciosocialecgil.it\/emilia-romagna\/#logo","inLanguage":"it-IT","url":"https:\/\/bilanciosocialecgil.it\/wp-content\/uploads\/2016\/08\/logoCGILER.png","contentUrl":"https:\/\/bilanciosocialecgil.it\/wp-content\/uploads\/2016\/08\/logoCGILER.png","width":164,"height":228,"caption":"Cgil Emilia Romagna"},"image":{"@id":"https:\/\/bilanciosocialecgil.it\/emilia-romagna\/#logo"}},{"@type":"WebSite","@id":"https:\/\/bilanciosocialecgil.it\/emilia-romagna\/#website","url":"https:\/\/bilanciosocialecgil.it\/emilia-romagna\/","name":"Bilancio Sociale CGIL Emilia Romagna","description":"Uno strumento di trasparenza e rendicontazione","publisher":{"@id":"https:\/\/bilanciosocialecgil.it\/emilia-romagna\/#organization"},"potentialAction":[{"@type":"SearchAction","target":{"@type":"EntryPoint","urlTemplate":"https:\/\/bilanciosocialecgil.it\/emilia-romagna\/?s={search_term_string}"},"query-input":"required name=search_term_string"}],"inLanguage":"it-IT"},{"@type":"ImageObject","@id":"https:\/\/bilanciosocialecgil.it\/emilia-romagna\/relazione-vertenza-sicrea-spa-siteco-srl\/#primaryimage","inLanguage":"it-IT","url":"https:\/\/bilanciosocialecgil.it\/wp-content\/uploads\/2022\/01\/sicrea-siteco-.png","contentUrl":"https:\/\/bilanciosocialecgil.it\/wp-content\/uploads\/2022\/01\/sicrea-siteco-.png","width":316,"height":164},{"@type":"WebPage","@id":"https:\/\/bilanciosocialecgil.it\/emilia-romagna\/relazione-vertenza-sicrea-spa-siteco-srl\/#webpage","url":"https:\/\/bilanciosocialecgil.it\/emilia-romagna\/relazione-vertenza-sicrea-spa-siteco-srl\/","name":"Relazione vertenza Sicrea Spa Siteco Srl - Bilancio Sociale CGIL Emilia Romagna","isPartOf":{"@id":"https:\/\/bilanciosocialecgil.it\/emilia-romagna\/#website"},"primaryImageOfPage":{"@id":"https:\/\/bilanciosocialecgil.it\/emilia-romagna\/relazione-vertenza-sicrea-spa-siteco-srl\/#primaryimage"},"datePublished":"2022-01-19T10:04:12+00:00","dateModified":"2022-02-08T11:08:46+00:00","breadcrumb":{"@id":"https:\/\/bilanciosocialecgil.it\/emilia-romagna\/relazione-vertenza-sicrea-spa-siteco-srl\/#breadcrumb"},"inLanguage":"it-IT","potentialAction":[{"@type":"ReadAction","target":["https:\/\/bilanciosocialecgil.it\/emilia-romagna\/relazione-vertenza-sicrea-spa-siteco-srl\/"]}]},{"@type":"BreadcrumbList","@id":"https:\/\/bilanciosocialecgil.it\/emilia-romagna\/relazione-vertenza-sicrea-spa-siteco-srl\/#breadcrumb","itemListElement":[{"@type":"ListItem","position":1,"name":"Home","item":"https:\/\/bilanciosocialecgil.it\/emilia-romagna\/"},{"@type":"ListItem","position":2,"name":"Relazione vertenza Sicrea Spa Siteco Srl"}]},{"@type":"Article","@id":"https:\/\/bilanciosocialecgil.it\/emilia-romagna\/relazione-vertenza-sicrea-spa-siteco-srl\/#article","isPartOf":{"@id":"https:\/\/bilanciosocialecgil.it\/emilia-romagna\/relazione-vertenza-sicrea-spa-siteco-srl\/#webpage"},"author":{"@id":"https:\/\/bilanciosocialecgil.it\/emilia-romagna\/#\/schema\/person\/f718957a26efcd2b2131e095005fdfff"},"headline":"Relazione vertenza Sicrea Spa Siteco Srl","datePublished":"2022-01-19T10:04:12+00:00","dateModified":"2022-02-08T11:08:46+00:00","mainEntityOfPage":{"@id":"https:\/\/bilanciosocialecgil.it\/emilia-romagna\/relazione-vertenza-sicrea-spa-siteco-srl\/#webpage"},"wordCount":545,"commentCount":0,"publisher":{"@id":"https:\/\/bilanciosocialecgil.it\/emilia-romagna\/#organization"},"image":{"@id":"https:\/\/bilanciosocialecgil.it\/emilia-romagna\/relazione-vertenza-sicrea-spa-siteco-srl\/#primaryimage"},"thumbnailUrl":"https:\/\/bilanciosocialecgil.it\/wp-content\/uploads\/2022\/01\/sicrea-siteco-.png","articleSection":["Emilia Romagna"],"inLanguage":"it-IT","potentialAction":[{"@type":"CommentAction","name":"Comment","target":["https:\/\/bilanciosocialecgil.it\/emilia-romagna\/relazione-vertenza-sicrea-spa-siteco-srl\/#respond"]}]},{"@type":"Person","@id":"https:\/\/bilanciosocialecgil.it\/emilia-romagna\/#\/schema\/person\/f718957a26efcd2b2131e095005fdfff","name":"manager","image":{"@type":"ImageObject","@id":"https:\/\/bilanciosocialecgil.it\/emilia-romagna\/#personlogo","inLanguage":"it-IT","url":"https:\/\/secure.gravatar.com\/avatar\/a4333ad8127d6f3f57b72e09ef2350bd?s=96&d=mm&r=g","contentUrl":"https:\/\/secure.gravatar.com\/avatar\/a4333ad8127d6f3f57b72e09ef2350bd?s=96&d=mm&r=g","caption":"manager"},"url":"https:\/\/bilanciosocialecgil.it\/emilia-romagna\/author\/manager\/"}]}},"_links":{"self":[{"href":"https:\/\/bilanciosocialecgil.it\/emilia-romagna\/wp-json\/wp\/v2\/posts\/11367"}],"collection":[{"href":"https:\/\/bilanciosocialecgil.it\/emilia-romagna\/wp-json\/wp\/v2\/posts"}],"about":[{"href":"https:\/\/bilanciosocialecgil.it\/emilia-romagna\/wp-json\/wp\/v2\/types\/post"}],"author":[{"embeddable":true,"href":"https:\/\/bilanciosocialecgil.it\/emilia-romagna\/wp-json\/wp\/v2\/users\/3"}],"replies":[{"embeddable":true,"href":"https:\/\/bilanciosocialecgil.it\/emilia-romagna\/wp-json\/wp\/v2\/comments?post=11367"}],"version-history":[{"count":7,"href":"https:\/\/bilanciosocialecgil.it\/emilia-romagna\/wp-json\/wp\/v2\/posts\/11367\/revisions"}],"predecessor-version":[{"id":11456,"href":"https:\/\/bilanciosocialecgil.it\/emilia-romagna\/wp-json\/wp\/v2\/posts\/11367\/revisions\/11456"}],"wp:featuredmedia":[{"embeddable":true,"href":"https:\/\/bilanciosocialecgil.it\/emilia-romagna\/wp-json\/wp\/v2\/media\/11411"}],"wp:attachment":[{"href":"https:\/\/bilanciosocialecgil.it\/emilia-romagna\/wp-json\/wp\/v2\/media?parent=11367"}],"wp:term":[{"taxonomy":"category","embeddable":true,"href":"https:\/\/bilanciosocialecgil.it\/emilia-romagna\/wp-json\/wp\/v2\/categories?post=11367"},{"taxonomy":"post_tag","embeddable":true,"href":"https:\/\/bilanciosocialecgil.it\/emilia-romagna\/wp-json\/wp\/v2\/tags?post=11367"}],"curies":[{"name":"wp","href":"https:\/\/api.w.org\/{rel}","templated":true}]}}